{"id":71167,"date":"2023-03-08T12:10:22","date_gmt":"2023-03-08T18:10:22","guid":{"rendered":"https:\/\/repositorio.veracruz.gob.mx\/finanzas\/?p=71167"},"modified":"2023-03-08T12:10:22","modified_gmt":"2023-03-08T18:10:22","slug":"httprepositorio-veracruz-gob-mxfinanzaswp-contentuploadssites2202303029-varios-notificaci%c3%b3n-de-publicaci%c3%b3n-pae-2022-tomo-ii-d%c3%a9cimo-aniversario-de-la-evaluaci%c3%b3n-de-fondo","status":"publish","type":"post","link":"https:\/\/repositorio.veracruz.gob.mx\/finanzas\/httprepositorio-veracruz-gob-mxfinanzaswp-contentuploadssites2202303029-varios-notificaci%c3%b3n-de-publicaci%c3%b3n-pae-2022-tomo-ii-d%c3%a9cimo-aniversario-de-la-evaluaci%c3%b3n-de-fondo\/","title":{"rendered":"https:\/\/repositorio.veracruz.gob.mx\/finanzas\/wp-content\/uploads\/sites\/2\/2023\/03\/029.-Varios.Notificaci%C3%B3n-de-publicaci%C3%B3n-PAE-2022-Tomo-II-D%C3%A9cimo-Aniversario-de-la-Evaluaci%C3%B3n-de-Fondos-Federales.pdf"},"content":{"rendered":"<p><a href=\"https:\/\/repositorio.veracruz.gob.mx\/finanzas\/wp-content\/uploads\/sites\/2\/2023\/03\/029.-Varios.Notificaci\u00f3n-de-publicaci\u00f3n-PAE-2022-Tomo-II-D\u00e9cimo-Aniversario-de-la-Evaluaci\u00f3n-de-Fondos-Federales-1.pdf\">029.-Varios.Notificaci\u00f3n-de-publicaci\u00f3n-PAE-2022-Tomo-II-D\u00e9cimo-Aniversario-de-la-Evaluaci\u00f3n-de-Fondos-Federales<\/a><\/p>\n","protected":false},"excerpt":{"rendered":"<p>029.-Varios.Notificaci\u00f3n-de-publicaci\u00f3n-PAE-2022-Tomo-II-D\u00e9cimo-Aniversario-de-la-Evaluaci\u00f3n-de-Fondos-Federales<\/p>\n","protected":false},"author":14,"featured_media":0,"comment_status":"closed","ping_status":"closed","sticky":false,"template":"","format":"standard","meta":{"footnotes":""},"categories":[1],"tags":[],"_links":{"self":[{"href":"https:\/\/repositorio.veracruz.gob.mx\/finanzas\/wp-json\/wp\/v2\/posts\/71167"}],"collection":[{"href":"https:\/\/repositorio.veracruz.gob.mx\/finanzas\/wp-json\/wp\/v2\/posts"}],"about":[{"href":"https:\/\/repositorio.veracruz.gob.mx\/finanzas\/wp-json\/wp\/v2\/types\/post"}],"author":[{"embeddable":true,"href":"https:\/\/repositorio.veracruz.gob.mx\/finanzas\/wp-json\/wp\/v2\/users\/14"}],"replies":[{"embeddable":true,"href":"https:\/\/repositorio.veracruz.gob.mx\/finanzas\/wp-json\/wp\/v2\/comments?post=71167"}],"version-history":[{"count":1,"href":"https:\/\/repositorio.veracruz.gob.mx\/finanzas\/wp-json\/wp\/v2\/posts\/71167\/revisions"}],"predecessor-version":[{"id":71169,"href":"https:\/\/repositorio.veracruz.gob.mx\/finanzas\/wp-json\/wp\/v2\/posts\/71167\/revisions\/71169"}],"wp:attachment":[{"href":"https:\/\/repositorio.veracruz.gob.mx\/finanzas\/wp-json\/wp\/v2\/media?parent=71167"}],"wp:term":[{"taxonomy":"category","embeddable":true,"href":"https:\/\/repositorio.veracruz.gob.mx\/finanzas\/wp-json\/wp\/v2\/categories?post=71167"},{"taxonomy":"post_tag","embeddable":true,"href":"https:\/\/repositorio.veracruz.gob.mx\/finanzas\/wp-json\/wp\/v2\/tags?post=71167"}],"curies":[{"name":"wp","href":"https:\/\/api.w.org\/{rel}","templated":true}]}}