{"id":71198,"date":"2023-03-09T14:02:12","date_gmt":"2023-03-09T20:02:12","guid":{"rendered":"https:\/\/repositorio.veracruz.gob.mx\/finanzas\/?p=71198"},"modified":"2023-03-09T14:02:12","modified_gmt":"2023-03-09T20:02:12","slug":"029-varios-notificacion-de-publicacion-pae-2022-tomo-ii-decimo-aniversario-de-la-evaluacion-de-fondos-federales-1","status":"publish","type":"post","link":"https:\/\/repositorio.veracruz.gob.mx\/finanzas\/029-varios-notificacion-de-publicacion-pae-2022-tomo-ii-decimo-aniversario-de-la-evaluacion-de-fondos-federales-1\/","title":{"rendered":"029.-Varios.Notificaci\u00f3n-de-publicaci\u00f3n-PAE-2022-Tomo-II-D\u00e9cimo-Aniversario-de-la-Evaluaci\u00f3n-de-Fondos-Federales (1)"},"content":{"rendered":"<p><a href=\"https:\/\/repositorio.veracruz.gob.mx\/finanzas\/wp-content\/uploads\/sites\/2\/2023\/03\/hoy-029.-Varios.Notificaci\u00f3n-de-publicaci\u00f3n-PAE-2022-Tomo-II-D\u00e9cimo-Aniversario-de-la-Evaluaci\u00f3n-de-Fondos-Federales-1.pdf\">hoy 029.-Varios.Notificaci\u00f3n-de-publicaci\u00f3n-PAE-2022-Tomo-II-D\u00e9cimo-Aniversario-de-la-Evaluaci\u00f3n-de-Fondos-Federales (1)<\/a><\/p>\n","protected":false},"excerpt":{"rendered":"<p>hoy 029.-Varios.Notificaci\u00f3n-de-publicaci\u00f3n-PAE-2022-Tomo-II-D\u00e9cimo-Aniversario-de-la-Evaluaci\u00f3n-de-Fondos-Federales (1)<\/p>\n","protected":false},"author":14,"featured_media":0,"comment_status":"closed","ping_status":"closed","sticky":false,"template":"","format":"standard","meta":{"footnotes":""},"categories":[1],"tags":[],"_links":{"self":[{"href":"https:\/\/repositorio.veracruz.gob.mx\/finanzas\/wp-json\/wp\/v2\/posts\/71198"}],"collection":[{"href":"https:\/\/repositorio.veracruz.gob.mx\/finanzas\/wp-json\/wp\/v2\/posts"}],"about":[{"href":"https:\/\/repositorio.veracruz.gob.mx\/finanzas\/wp-json\/wp\/v2\/types\/post"}],"author":[{"embeddable":true,"href":"https:\/\/repositorio.veracruz.gob.mx\/finanzas\/wp-json\/wp\/v2\/users\/14"}],"replies":[{"embeddable":true,"href":"https:\/\/repositorio.veracruz.gob.mx\/finanzas\/wp-json\/wp\/v2\/comments?post=71198"}],"version-history":[{"count":1,"href":"https:\/\/repositorio.veracruz.gob.mx\/finanzas\/wp-json\/wp\/v2\/posts\/71198\/revisions"}],"predecessor-version":[{"id":71200,"href":"https:\/\/repositorio.veracruz.gob.mx\/finanzas\/wp-json\/wp\/v2\/posts\/71198\/revisions\/71200"}],"wp:attachment":[{"href":"https:\/\/repositorio.veracruz.gob.mx\/finanzas\/wp-json\/wp\/v2\/media?parent=71198"}],"wp:term":[{"taxonomy":"category","embeddable":true,"href":"https:\/\/repositorio.veracruz.gob.mx\/finanzas\/wp-json\/wp\/v2\/categories?post=71198"},{"taxonomy":"post_tag","embeddable":true,"href":"https:\/\/repositorio.veracruz.gob.mx\/finanzas\/wp-json\/wp\/v2\/tags?post=71198"}],"curies":[{"name":"wp","href":"https:\/\/api.w.org\/{rel}","templated":true}]}}