{"id":93988,"date":"2025-01-21T14:46:55","date_gmt":"2025-01-21T20:46:55","guid":{"rendered":"https:\/\/repositorio.veracruz.gob.mx\/finanzas\/?p=93988"},"modified":"2025-01-21T14:46:55","modified_gmt":"2025-01-21T20:46:55","slug":"cv-lopez-garcia","status":"publish","type":"post","link":"https:\/\/repositorio.veracruz.gob.mx\/finanzas\/cv-lopez-garcia\/","title":{"rendered":"CV L\u00f3pez Garc\u00eda"},"content":{"rendered":"<p><a href=\"https:\/\/repositorio.veracruz.gob.mx\/finanzas\/wp-content\/uploads\/sites\/2\/2025\/01\/Lopez-Garcia-Maria-de-los-Angeles-CV.pdf\">L\u00f3pez Garc\u00eda Mar\u00eda de los \u00c1ngeles CV<\/a><\/p>\n","protected":false},"excerpt":{"rendered":"<p>L\u00f3pez Garc\u00eda Mar\u00eda de los \u00c1ngeles CV<\/p>\n","protected":false},"author":32,"featured_media":0,"comment_status":"closed","ping_status":"closed","sticky":false,"template":"","format":"standard","meta":{"footnotes":""},"categories":[1],"tags":[],"_links":{"self":[{"href":"https:\/\/repositorio.veracruz.gob.mx\/finanzas\/wp-json\/wp\/v2\/posts\/93988"}],"collection":[{"href":"https:\/\/repositorio.veracruz.gob.mx\/finanzas\/wp-json\/wp\/v2\/posts"}],"about":[{"href":"https:\/\/repositorio.veracruz.gob.mx\/finanzas\/wp-json\/wp\/v2\/types\/post"}],"author":[{"embeddable":true,"href":"https:\/\/repositorio.veracruz.gob.mx\/finanzas\/wp-json\/wp\/v2\/users\/32"}],"replies":[{"embeddable":true,"href":"https:\/\/repositorio.veracruz.gob.mx\/finanzas\/wp-json\/wp\/v2\/comments?post=93988"}],"version-history":[{"count":1,"href":"https:\/\/repositorio.veracruz.gob.mx\/finanzas\/wp-json\/wp\/v2\/posts\/93988\/revisions"}],"predecessor-version":[{"id":93990,"href":"https:\/\/repositorio.veracruz.gob.mx\/finanzas\/wp-json\/wp\/v2\/posts\/93988\/revisions\/93990"}],"wp:attachment":[{"href":"https:\/\/repositorio.veracruz.gob.mx\/finanzas\/wp-json\/wp\/v2\/media?parent=93988"}],"wp:term":[{"taxonomy":"category","embeddable":true,"href":"https:\/\/repositorio.veracruz.gob.mx\/finanzas\/wp-json\/wp\/v2\/categories?post=93988"},{"taxonomy":"post_tag","embeddable":true,"href":"https:\/\/repositorio.veracruz.gob.mx\/finanzas\/wp-json\/wp\/v2\/tags?post=93988"}],"curies":[{"name":"wp","href":"https:\/\/api.w.org\/{rel}","templated":true}]}}